{"id":4273,"date":"2022-08-09T12:42:40","date_gmt":"2022-08-09T12:42:40","guid":{"rendered":"https:\/\/cakmakinsaat.org\/?p=4273"},"modified":"2022-08-09T14:22:42","modified_gmt":"2022-08-09T14:22:42","slug":"izmirde-kentsel-donusum-calismalari-tam-gaz-devam-ediyor-2","status":"publish","type":"post","link":"https:\/\/cakmakinsaat.org\/index.php\/2022\/08\/09\/izmirde-kentsel-donusum-calismalari-tam-gaz-devam-ediyor-2\/","title":{"rendered":"\u0130zmir&#8217;de Kentsel D\u00f6n\u00fc\u015f\u00fcm \u00c7al\u0131\u015fmalar\u0131 Tam Gaz Devam ediyor"},"content":{"rendered":"\n<p><strong><em>\u00c7evre, \u015eehircilik ve \u0130klim De\u011fi\u015fikli\u011fi Bakan\u0131 Murat Kurum, \u0130zmir&#8217;deki kentsel d\u00f6n\u00fc\u015f\u00fcm projelerine ve deprem konutlar\u0131n\u0131n in\u015fas\u0131na ili\u015fkin a\u00e7\u0131klamalarda bulundu.<\/em><\/strong><\/p>\n\n\n\n<p>\u0130\u00e7i\u015fleri Bakan\u0131 S\u00fcleyman Soylu ile \u00c7evre, \u015eehircilik ve \u0130klim De\u011fi\u015fikli\u011fi Bakan\u0131 Murat Kurum, \u0130zmir&#8217;de depremzedelerle, TOK\u0130 \u015fantiye i\u015f\u00e7ileriyle ve AFAD \u00e7al\u0131\u015fanlar\u0131yla Bayrakl\u0131&#8217;da sokak iftar\u0131nda bir araya geldi.&nbsp;Soylu ve Kurum, programdan \u00f6nce, 30 Ekim 2020 tarihinde ya\u015fanan depremde y\u0131k\u0131lan R\u0131za Bey Apartman\u0131&#8217;n\u0131n yerine yap\u0131lan konut alan\u0131nda kurulan iftar sofralar\u0131n\u0131 tek tek dola\u015ft\u0131 ve vatanda\u015flarla konu\u015ftu.Murat Kurum, burada ger\u00e7ekle\u015ftirdi\u011fi a\u00e7\u0131klamada, \u0130zmir depreminde ya\u015fam\u0131n\u0131 yitiren 117 vatanda\u015f\u0131 bir defa daha rahmetle and\u0131\u011f\u0131n\u0131 dile getirdi.<\/p>\n\n\n\n<p>\u0130zmirlilerle dertle\u015ftiklerine, hasret giderdiklerine dikkat \u00e7eken Kurum, &#8220;Deprem s\u0131ras\u0131nda burada hep beraberdik. Sizlerle beraber karde\u015flerimizin yaralar\u0131n\u0131 sard\u0131k. \u0130\u015fte bu nedenden yakla\u015f\u0131k 4 ay sonra yeniden, istiklalimizin tapusu, istikbalimizin teminat\u0131 bu aziz kentte bulunmaktan; \u00e7ok b\u00fcy\u00fck bir bahtiyarl\u0131k duyuyorum. Buradan 5 milyon \u0130zmirliye sonsuz sevgilerimi, muhabbetlerimi iletiyorum&#8221; \u015feklinde konu\u015ftu.<\/p>\n\n\n\n<h4 class=\"wp-block-heading\">VERD\u0130\u011e\u0130M\u0130Z S\u00d6ZLER\u0130 UNUTMADIK<\/h4>\n\n\n\n<p>H\u00fczn\u00fc ve ac\u0131y\u0131 da payla\u015farak azaltt\u0131klar\u0131na vurgu yapan Murat Kurum, &#8220;\u0130\u015fte buras\u0131 Bayrakl\u0131. Bundan tam 2 y\u0131l \u00f6nce bu sokaklarda, toz duman i\u00e7inde bir oraya bir buraya ko\u015fturuyorduk. O g\u00fcnleri unutmad\u0131k. O g\u00fcn verdi\u011fimiz s\u00f6zleri hi\u00e7 unutmad\u0131k&#8221; diye konu\u015ftu ve ya\u015famlar\u0131 yeniden ba\u015flatmak amac\u0131yla vatanda\u015flara s\u00f6z verdiklerine dikkat \u00e7ekti. Kurum, TOK\u0130 ile \u0130zmir tarihindeki en b\u00fcy\u00fck deprem d\u00f6n\u00fc\u015f\u00fcm \u00e7al\u0131\u015fmas\u0131na start verdiklerine dikkat \u00e7ekti.<\/p>\n\n\n\n<p>Hi\u00e7 zaman kaybetmeksizin 5 bin 400 ba\u011f\u0131ms\u0131z birimin planlamas\u0131n\u0131 ger\u00e7ekle\u015ftirdiklerini ifade eden Kurum, &#8220;Yap\u0131m\u0131na s\u00fcratle ba\u015flad\u0131k. Bir taraftan vatanda\u015flar\u0131m\u0131z ta\u015f\u0131d\u0131k, bir taraftan onlara sa\u011flam, g\u00fcvenli yine bar\u0131nma imkanlar\u0131n\u0131 sunduk. 1 sene bile bitmeden, 26 Kas\u0131m 2021 tarihinde yapt\u0131\u011f\u0131m\u0131z toplam 741 ba\u011f\u0131ms\u0131z b\u00f6l\u00fcm\u00fc de say\u0131n Cumhurba\u015fkan\u0131m\u0131z\u0131n te\u015frifleriyle depremzede karde\u015flerimize teslim ettik.&#8221; a\u00e7\u0131klamas\u0131nda bulundu.<\/p>\n\n\n\n<p>Konutlar\u0131n in\u015fas\u0131nda \u00e7al\u0131\u015fanlarla iftar sofras\u0131nda bulu\u015ftuklar\u0131n\u0131 belirten Kurum, onlar\u0131n \u00e7abalar\u0131yla b\u00fct\u00fcn projeleri etap etap tamamlad\u0131klar\u0131n\u0131n alt\u0131n\u0131 \u00e7izdi.<\/p>\n\n\n\n<h4 class=\"wp-block-heading\">Rezerv konutlar\u0131 may\u0131s sonu teslim ediliyor<\/h4>\n\n\n\n<p>Hemen hemen her g\u00fcn yeni konut teslimlerini ger\u00e7ekle\u015ftirdiklerine dikkat \u00e7eken Kurum, &#8220;Bayrakl\u0131&#8217;da yerinde d\u00f6n\u00fc\u015f\u00fcm kapsam\u0131nda 1404 konut, 289 i\u015f yerini yap\u0131yoruz. Bunlardan 723 konut ve 164 i\u015f yerini bitirdik. Vatanda\u015flar\u0131m\u0131za teslim ettik&#8221; dedi ve bir m\u00fcjde payla\u015fmak istedi\u011fini belirtti.<\/p>\n\n\n\n<p>Gelecek ay itibar\u0131yla 681 konutu daha hak sahiplerine teslim etmeye ba\u015flayacaklar\u0131n\u0131 aktaran Kurum, &#8220;Bayrakl\u0131 merkezinde d\u00f6n\u00fc\u015f\u00fcm alan\u0131nda evine girmemi\u015f depremzede karde\u015fimiz kalmayacak. Yine burada, rezerv konut kapsam\u0131nda 3 bin 657 konut, 52 i\u015f yeri yap\u0131yoruz. Rezerv konutlar\u0131m\u0131z\u0131n da teslimine may\u0131s sonu itibar\u0131yla ba\u015flayaca\u011f\u0131z&#8221; \u015feklinde konu\u015ftu.<\/p>\n\n\n\n<p>&#8220;\u0130n\u015fallah etaplar halinde y\u0131l sonuna kadar t\u00fcm konutlar\u0131m\u0131z\u0131 \u0130zmirli karde\u015flerimize teslim etmenin, mutlulu\u011funu yine sizlerle, hep birlikte ya\u015fayaca\u011f\u0131z&#8221; diyen Murat Kurum, konutlar\u0131n in\u015fas\u0131nda g\u00f6rev yapan personele, AFAD, UMKE, T\u00fcrk K\u0131z\u0131lay, emniyet g\u00fc\u00e7lerine te\u015fekk\u00fcrlerini iletti.<\/p>\n\n\n\n<h4 class=\"wp-block-heading\"><strong>Kentsel d\u00f6n\u00fc\u015f\u00fcm projeleri<\/strong><\/h4>\n\n\n\n<p>Bakan Kurum, \u0130zmir&#8217;in deprem riskini bertaraf etmek i\u00e7in kent merkezindeki \u015fehir tarihinin en b\u00fcy\u00fck d\u00f6n\u00fc\u015f\u00fcm projelerinden birine imza att\u0131klar\u0131na ve 5 bin 400 konutluk ba\u011f\u0131ms\u0131z b\u00f6l\u00fcm\u00fc olan projenin y\u0131l\u0131n sonuna kadar teslim edilece\u011fine vurgu yapt\u0131.<\/p>\n\n\n\n<p>Deprem d\u00f6n\u00fc\u015f\u00fcm\u00fcyle ilgili konutlar\u0131n da in\u015fas\u0131na devam ettiklerini dile getiren Kurum, &#8220;Bu \u00e7er\u00e7evede, Seferihisar&#8217;da bulundu\u011fumuz alanda yakla\u015f\u0131k 1050 ba\u011f\u0131ms\u0131z b\u00f6l\u00fcmden olu\u015fan, zemin art\u0131 3 kat\u0131 ge\u00e7meyen, yerel mimariye uygun, Bodrum kayrak ta\u015f\u0131yla kaplanm\u0131\u015f, b\u00f6lgenin renklerini, dokusunu yans\u0131tan projemize ili\u015fkin de 22 bin ba\u015fvuru ald\u0131k. Kuralar\u0131n\u0131 \u00e7ektik ve yak\u0131n zamanda vatanda\u015flar\u0131m\u0131zla s\u00f6zle\u015fmemizi imzalayaca\u011f\u0131z. Bu y\u0131l sonunda da buradaki konutlar\u0131m\u0131z\u0131 teslim ediyor olaca\u011f\u0131z&#8221; \u015feklinde konu\u015ftu.<\/p>\n\n\n\n<p>Kurum, Cumhurba\u015fkan\u0131 Recep Tayyip Erdo\u011fan \u00f6nderli\u011finde TOK\u0130 Ba\u015fkanl\u0131\u011f\u0131 arac\u0131l\u0131\u011f\u0131yla \u0130zmir&#8217;de projelerin hayata ge\u00e7irildi\u011fine vurgu yaparak, &#8220;Toplamda tamamlad\u0131\u011f\u0131m\u0131z \u0130zmir&#8217;deki konut say\u0131s\u0131 13 bin 500 ki bunun maddi de\u011feri bakt\u0131\u011f\u0131n\u0131zda yakla\u015f\u0131k 9 milyar liral\u0131k yat\u0131r\u0131m\u0131 \u0130zmir&#8217;imize yapt\u0131k ve bu noktada vatanda\u015flar\u0131m\u0131za teslim ettik&#8221; a\u00e7\u0131klamas\u0131nda bulundu. &nbsp;&#8220;\u015eu an devam eden konutlar\u0131m\u0131za bakt\u0131\u011f\u0131m\u0131zda yakla\u015f\u0131k 10 bin 200 ba\u011f\u0131ms\u0131z b\u00f6l\u00fcmden olu\u015fan konutlar\u0131m\u0131z da devam ediyor&#8221; diyen Kurum, \u0130zmir&#8217;e Biz &nbsp;deprem riskini bertaraf etmek i\u00e7in her yerinde d\u00f6n\u00fc\u015f\u00fcm anlay\u0131\u015f\u0131yla proje ger\u00e7ekle\u015ftirme s\u00f6z\u00fc verdiklerinin alt\u0131n\u0131 \u00e7izdi.D\u00f6n\u00fc\u015f\u00fcmle ilgili olarak belediyelerin de elini ta\u015f\u0131n alt\u0131na koymas\u0131n\u0131n gerekli oldu\u011funu aktaran Kurum, &#8220;Bu s\u00fcreci hep birlikte y\u00f6netmemiz gerekiyor. Burada belediyelere de \u00e7a\u011fr\u0131m, bu noktada yap\u0131lmas\u0131 gereken her t\u00fcrl\u00fc d\u00f6n\u00fc\u015f\u00fcm projesinde i\u015fin i\u00e7ine girmeleridir&#8221; dedi ve Bakanl\u0131k olarak her t\u00fcrl\u00fc destekte bulunduklar\u0131n\u0131 ve bulunacaklar\u0131n\u0131 ifade etti. &nbsp; <\/p>\n\n\n\n<p><em>Kaynak: <a href=\"https:\/\/www.insaatderyasi.com\/izmirde-kentsel-donusum-calismalari-tam-gaz-devam-ediyor-22195h.htm\">https:\/\/www.insaatderyasi.com\/izmirde-kentsel-donusum-calismalari-tam-gaz-devam-ediyor-22195h.htm<\/a><\/em><\/p>\n","protected":false},"excerpt":{"rendered":"<p>\u00c7evre, \u015eehircilik ve \u0130klim De\u011fi\u015fikli\u011fi Bakan\u0131 Murat Kurum, \u0130zmir\u2019deki kentsel d\u00f6n\u00fc\u015f\u00fcm projelerine ve deprem konutlar\u0131n\u0131n in\u015fas\u0131na ili\u015fkin a\u00e7\u0131klamalarda bulundu.<\/p>\n","protected":false},"author":1,"featured_media":3458,"comment_status":"closed","ping_status":"open","sticky":false,"template":"","format":"standard","meta":{"footnotes":""},"categories":[219],"tags":[],"class_list":["post-4273","post","type-post","status-publish","format-standard","has-post-thumbnail","hentry","category-kenstsel-donusum"],"_links":{"self":[{"href":"https:\/\/cakmakinsaat.org\/index.php\/wp-json\/wp\/v2\/posts\/4273","targetHints":{"allow":["GET"]}}],"collection":[{"href":"https:\/\/cakmakinsaat.org\/index.php\/wp-json\/wp\/v2\/posts"}],"about":[{"href":"https:\/\/cakmakinsaat.org\/index.php\/wp-json\/wp\/v2\/types\/post"}],"author":[{"embeddable":true,"href":"https:\/\/cakmakinsaat.org\/index.php\/wp-json\/wp\/v2\/users\/1"}],"replies":[{"embeddable":true,"href":"https:\/\/cakmakinsaat.org\/index.php\/wp-json\/wp\/v2\/comments?post=4273"}],"version-history":[{"count":5,"href":"https:\/\/cakmakinsaat.org\/index.php\/wp-json\/wp\/v2\/posts\/4273\/revisions"}],"predecessor-version":[{"id":4319,"href":"https:\/\/cakmakinsaat.org\/index.php\/wp-json\/wp\/v2\/posts\/4273\/revisions\/4319"}],"wp:featuredmedia":[{"embeddable":true,"href":"https:\/\/cakmakinsaat.org\/index.php\/wp-json\/wp\/v2\/media\/3458"}],"wp:attachment":[{"href":"https:\/\/cakmakinsaat.org\/index.php\/wp-json\/wp\/v2\/media?parent=4273"}],"wp:term":[{"taxonomy":"category","embeddable":true,"href":"https:\/\/cakmakinsaat.org\/index.php\/wp-json\/wp\/v2\/categories?post=4273"},{"taxonomy":"post_tag","embeddable":true,"href":"https:\/\/cakmakinsaat.org\/index.php\/wp-json\/wp\/v2\/tags?post=4273"}],"curies":[{"name":"wp","href":"https:\/\/api.w.org\/{rel}","templated":true}]}}