{"id":4281,"date":"2022-08-09T12:58:57","date_gmt":"2022-08-09T12:58:57","guid":{"rendered":"https:\/\/cakmakinsaat.org\/?p=4281"},"modified":"2022-08-09T13:57:50","modified_gmt":"2022-08-09T13:57:50","slug":"insaat-sektoru-turkiye-ekonomisinim-can-damarlarindan-biri","status":"publish","type":"post","link":"https:\/\/cakmakinsaat.org\/index.php\/2022\/08\/09\/insaat-sektoru-turkiye-ekonomisinim-can-damarlarindan-biri\/","title":{"rendered":"\u0130n\u015faat Sekt\u00f6r\u00fc T\u00fcrkiye Ekonomisinin Can Damarlar\u0131ndan Biri"},"content":{"rendered":"\n<p><strong><em>\u0130\u00e7ege \u0130n\u015faat Taahh\u00fct Altyap\u0131 Dan\u0131\u015fmanl\u0131k Sanayi ve Ticaret Limited \u015eirketinin Sahibi olan Arif Tar\u0131m, in\u015faat sekt\u00f6r\u00fcyle ilgili a\u00e7\u0131klamalarda bulundu.<\/em><\/strong><\/p>\n\n\n\n<p>&#8220;\u0130n\u015faat sekt\u00f6r\u00fcn\u00fcn hareketlenmesi, ekonominin de canlanmas\u0131n\u0131 sa\u011fl\u0131yor. Bu nedenle sekt\u00f6rel bazda gerekli yat\u0131r\u0131mlar\u0131n yap\u0131lmas\u0131, \u00fclke ekonomisi ad\u0131na da olduk\u00e7a \u00f6nemli.\u201d s\u00f6zleriyle yap\u0131lan yat\u0131r\u0131mlar\u0131n in\u015faat sekt\u00f6r\u00fcn\u00fcn dinamizm kazand\u0131\u011f\u0131n\u0131 vurgulad\u0131.M\u00fcteahhit firmas\u0131n\u0131n sahibi olan Arif Tar\u0131m\u00a0kamu kurum ve kurulu\u015flar\u0131yla \u00e7al\u0131\u015ft\u0131klar\u0131n\u0131, ihalelere kat\u0131larak ihaleleri almalar\u0131 durumunda beton parke, kanalizasyon hatlar\u0131, i\u00e7me suyu hatlar\u0131 gibi \u00e7al\u0131\u015fmalarda bulunduklar\u0131n\u0131 ifade etti.\u00a0\u0130n\u015faat sekt\u00f6r\u00fc\u00a0i\u00e7erisinde bulunduklar\u0131n\u0131 belirten Tar\u0131m, in\u015faat sekt\u00f6r\u00fcne y\u00f6nelik de\u011ferlendirmeler de ger\u00e7ekle\u015ftirdi. <\/p>\n\n\n\n<p>\u0130n\u015faat Sekt\u00f6r\u00fc T\u00fcrkiye Ekonomisinin Can Damarlar\u0131ndan Biri\u0130n\u015faat sekt\u00f6r\u00fcn\u00fcn di\u011fer sekt\u00f6rleri ve \u00fclke ekonomisini do\u011frudan etkiledi\u011fini ifade eden Arif Tar\u0131m, sekt\u00f6r\u00fcn T\u00fcrkiye ekonomisinin can damarlar\u0131ndan biri oldu\u011funun alt\u0131n\u0131 \u00e7izdi. Konuyla ilgili de\u011ferlendirmelerde bulunan Tar\u0131m, a\u00e7\u0131klamalar\u0131n\u0131 \u015fu s\u00f6zlerle s\u00fcrd\u00fcrd\u00fc: \u201cBiliyorsunuz in\u015faat sekt\u00f6r\u00fc farkl\u0131 dinamikleri olan ve pek \u00e7ok parametreyi b\u00fcnyesinde bar\u0131nd\u0131ran bir sekt\u00f6r. Dolay\u0131s\u0131yla bu alanda \u00e7al\u0131\u015fmalarda bulunmak isteyen firmalar\u0131n her bir parametreyi g\u00f6zetmesi gerekiyor. Biz, sekt\u00f6r\u00fcn T\u00fcrkiye ekonomisi ad\u0131na ne denli \u00f6nemli oldu\u011funun fark\u0131nday\u0131z. Bu nedenle \u00e7al\u0131\u015fmalar\u0131m\u0131z\u0131, sekt\u00f6r\u00fcn geli\u015fmesini sa\u011flayacak temeller \u00fczerine kuruyoruz. \u00c7al\u0131\u015fmalar\u0131m\u0131z\u0131 \u00e7ok \u00f6zel \u015fekilde s\u00fcrd\u00fcr\u00fcyor, g\u00fcncel geli\u015fmeleri yak\u0131ndan takip ediyor, yenilik\u00e7i teknolojiler kullan\u0131yoruz. B\u00f6ylelikle T\u00fcrkiye ekonomisinin can damarlar\u0131ndan biri olan in\u015faat sekt\u00f6r\u00fcn\u00fcn geli\u015fmesine katk\u0131da bulunuyoruz. Ayr\u0131ca do\u011frudan kamu kurum ve kurulu\u015flar\u0131yla \u00e7al\u0131\u015ft\u0131\u011f\u0131m\u0131z i\u00e7in \u00e7ok daha kurumsal bir hizmet anlay\u0131\u015f\u0131na sahip oldu\u011fumuzu s\u00f6yleyebilirim.\u201dSekt\u00f6r, \u00c7e\u015fitli D\u00f6nemlerde D\u00fc\u015f\u00fc\u015fe Ge\u00e7se de Genel Olarak Sekt\u00f6rde Canlanma Mevcut\u00dclke ve d\u00fcnyadaki geli\u015fmelerin in\u015faat sekt\u00f6r\u00fcnde dalgalanmalar olu\u015fmas\u0131na sebebiyet verdi\u011fini belirten Arif Tar\u0131m, konuyla ilgili de\u011ferlendirmelerini \u015fu s\u00f6zlerle noktalad\u0131: \u201c\u0130n\u015faat sekt\u00f6r\u00fc, \u00f6zellikle son d\u00f6nemlerde pandeminin olumsuz ko\u015fullar\u0131ndan etkilenerek bir d\u00fc\u015f\u00fc\u015f ya\u015fad\u0131. Fakat normal ya\u015fant\u0131ya d\u00f6n\u00fc\u015f, sekt\u00f6r\u00fcn ivme kazanmas\u0131n\u0131 sa\u011flad\u0131\u011f\u0131n\u0131 s\u00f6yleyebilirim. Bunun yan\u0131 s\u0131ra in\u015faat firmalar\u0131n\u0131n bir k\u0131sm\u0131nda yenilik\u00e7i \u00e7al\u0131\u015fmalar\u0131n olmas\u0131 da olumlu havan\u0131n olu\u015fmas\u0131na do\u011frudan katk\u0131da bulundu. Biz de \u00e7al\u0131\u015fmalar\u0131m\u0131z\u0131 sekt\u00f6r\u00fcn geli\u015fmesi ad\u0131na s\u00fcrd\u00fcrmekte ve yenilik\u00e7i projeler olu\u015fturarak \u00e7al\u0131\u015fmalar\u0131m\u0131z\u0131 kurumsal bir temel \u00fczerinden s\u00fcrd\u00fcrmekteyiz. Bu husus, bizim i\u00e7in oldu\u011fu kadar \u00fclke ekonomisi i\u00e7in de olduk\u00e7a \u00f6nemli.\u201d <\/p>\n\n\n\n<p><em>Kaynak: <a href=\"https:\/\/www.insaatderyasi.com\/insaat-sektoru-turkiye-ekonomisinin-can-damarlarindan-biri-22387h.htm\" target=\"_blank\" rel=\"noreferrer noopener\">https:\/\/www.insaatderyasi.com\/izmirde-kentsel-donusum-calismalari-tam-gaz-devam-ediyor-22195h.htm<\/a><\/em><\/p>\n","protected":false},"excerpt":{"rendered":"<p>\u0130\u00e7ege \u0130n\u015faat Taahh\u00fct Altyap\u0131 Dan\u0131\u015fmanl\u0131k Sanayi ve Ticaret Limited \u015eirketinin Sahibi olan Arif Tar\u0131m, in\u015faat sekt\u00f6r\u00fcyle ilgili a\u00e7\u0131klamalarda bulundu.<\/p>\n","protected":false},"author":1,"featured_media":4284,"comment_status":"closed","ping_status":"open","sticky":false,"template":"","format":"standard","meta":{"footnotes":""},"categories":[220,218],"tags":[],"class_list":["post-4281","post","type-post","status-publish","format-standard","has-post-thumbnail","hentry","category-haber","category-insaat"],"_links":{"self":[{"href":"https:\/\/cakmakinsaat.org\/index.php\/wp-json\/wp\/v2\/posts\/4281","targetHints":{"allow":["GET"]}}],"collection":[{"href":"https:\/\/cakmakinsaat.org\/index.php\/wp-json\/wp\/v2\/posts"}],"about":[{"href":"https:\/\/cakmakinsaat.org\/index.php\/wp-json\/wp\/v2\/types\/post"}],"author":[{"embeddable":true,"href":"https:\/\/cakmakinsaat.org\/index.php\/wp-json\/wp\/v2\/users\/1"}],"replies":[{"embeddable":true,"href":"https:\/\/cakmakinsaat.org\/index.php\/wp-json\/wp\/v2\/comments?post=4281"}],"version-history":[{"count":2,"href":"https:\/\/cakmakinsaat.org\/index.php\/wp-json\/wp\/v2\/posts\/4281\/revisions"}],"predecessor-version":[{"id":4285,"href":"https:\/\/cakmakinsaat.org\/index.php\/wp-json\/wp\/v2\/posts\/4281\/revisions\/4285"}],"wp:featuredmedia":[{"embeddable":true,"href":"https:\/\/cakmakinsaat.org\/index.php\/wp-json\/wp\/v2\/media\/4284"}],"wp:attachment":[{"href":"https:\/\/cakmakinsaat.org\/index.php\/wp-json\/wp\/v2\/media?parent=4281"}],"wp:term":[{"taxonomy":"category","embeddable":true,"href":"https:\/\/cakmakinsaat.org\/index.php\/wp-json\/wp\/v2\/categories?post=4281"},{"taxonomy":"post_tag","embeddable":true,"href":"https:\/\/cakmakinsaat.org\/index.php\/wp-json\/wp\/v2\/tags?post=4281"}],"curies":[{"name":"wp","href":"https:\/\/api.w.org\/{rel}","templated":true}]}}